{"id":343,"date":"2015-02-19T19:11:25","date_gmt":"2015-02-19T17:11:25","guid":{"rendered":"http:\/\/rasti-hyry.net\/wordpress\/?p=343"},"modified":"2015-02-19T19:23:25","modified_gmt":"2015-02-19T17:23:25","slug":"portugal-orienteering-meeting","status":"publish","type":"post","link":"http:\/\/rasti-hyry.net\/wordpress\/?p=343","title":{"rendered":"Portugal Orienteering Meeting"},"content":{"rendered":"<p>Seuramme suunnistajia osallistui t\u00e4n\u00e4kin vuonna Portugalin kev\u00e4iselle rastiviikolle, joka j\u00e4rjestettiin nyt 20. kerran ja t\u00e4ll\u00e4 kertaa Atlantin rantojen kangasmaastoissa paikkakunnalla nimelt\u00e4\u00e4n Mira. <a href=\"http:\/\/rasti-hyry.net\/wordpress\/wp-content\/uploads\/2015\/02\/POM_logo.jpg\"><img loading=\"lazy\" decoding=\"async\" class=\"alignright size-thumbnail wp-image-342\" src=\"http:\/\/rasti-hyry.net\/wordpress\/wp-content\/uploads\/2015\/02\/POM_logo-150x150.jpg\" alt=\"POM_logo\" width=\"150\" height=\"150\" \/><\/a>Nyt oli mahdollista osallistua kuuteen kilpailuun viiden p\u00e4iv\u00e4n aikana (12.-17.2.) ja osanottajam\u00e4\u00e4r\u00e4 ylitti ensimm\u00e4isen kerran 2000 suunnistajaa. Aikataulu oli kohtalaisen <a href=\"http:\/\/rasti-hyry.net\/wordpress\/wp-content\/uploads\/2015\/02\/Y\u00f6sprintti.jpg\"><img loading=\"lazy\" decoding=\"async\" class=\" size-thumbnail wp-image-348 alignleft\" src=\"http:\/\/rasti-hyry.net\/wordpress\/wp-content\/uploads\/2015\/02\/Y\u00f6sprintti-150x150.jpg\" alt=\"Y\u00f6sprintti\" width=\"150\" height=\"150\" srcset=\"http:\/\/rasti-hyry.net\/wordpress\/wp-content\/uploads\/2015\/02\/Y\u00f6sprintti-150x150.jpg 150w, http:\/\/rasti-hyry.net\/wordpress\/wp-content\/uploads\/2015\/02\/Y\u00f6sprintti-230x230.jpg 230w\" sizes=\"auto, (max-width: 150px) 100vw, 150px\" \/><\/a>kiireinen, sill\u00e4 perjantain sprinttiviestin j\u00e4lkeen lauantaina seurasi sek\u00e4 pitk\u00e4n matkan kilpailu ett\u00e4 illalla viel\u00e4 y\u00f6sprintti. Viikko jatkui sunnuntain keskimatkan j\u00e4lkeen maanantain ja tiistain pitk\u00e4n matkan kilpailuilla.<\/p>\n<p>Majoitus meill\u00e4 oli kaupungissa nimelt\u00e4 Aveiro, joka on saanut lis\u00e4nimen &#8221;Portugalin Venetsia&#8221; <a href=\"http:\/\/rasti-hyry.net\/wordpress\/wp-content\/uploads\/2015\/02\/Aveiro.jpg\"><img loading=\"lazy\" decoding=\"async\" class=\" size-thumbnail wp-image-340 alignleft\" src=\"http:\/\/rasti-hyry.net\/wordpress\/wp-content\/uploads\/2015\/02\/Aveiro-150x150.jpg\" alt=\"Aveiro\" width=\"150\" height=\"150\" \/><\/a>lukuisien kanaviensa vuoksi. Maastot olivat p\u00e4\u00e4osin helppokulkuisia kankaita ja fossiilisia <a href=\"http:\/\/rasti-hyry.net\/wordpress\/wp-content\/uploads\/2015\/02\/Sprinttiviesti.jpg\"><img loading=\"lazy\" decoding=\"async\" class=\"alignright size-thumbnail wp-image-346\" src=\"http:\/\/rasti-hyry.net\/wordpress\/wp-content\/uploads\/2015\/02\/Sprinttiviesti-150x150.jpg\" alt=\"Sprinttiviesti\" width=\"150\" height=\"150\" srcset=\"http:\/\/rasti-hyry.net\/wordpress\/wp-content\/uploads\/2015\/02\/Sprinttiviesti-150x150.jpg 150w, http:\/\/rasti-hyry.net\/wordpress\/wp-content\/uploads\/2015\/02\/Sprinttiviesti-230x230.jpg 230w\" sizes=\"auto, (max-width: 150px) 100vw, 150px\" \/><\/a>rantadyynej\u00e4, mutta viimeisess\u00e4 osakilpailussa tarjolla oli my\u00f6skin paljon puskia, joista tumman vihre\u00e4t olivat l\u00e4pip\u00e4\u00e4sem\u00e4tt\u00f6mi\u00e4. Oikealla on sprinttiviestin kartta ja alla ote viimeisen p\u00e4iv\u00e4n pitk\u00e4n matkan kartasta. <a href=\"http:\/\/rasti-hyry.net\/wordpress\/wp-content\/uploads\/2015\/02\/Pitk\u00e4-matka.jpg\"><img loading=\"lazy\" decoding=\"async\" class=\"alignright size-thumbnail wp-image-345\" src=\"http:\/\/rasti-hyry.net\/wordpress\/wp-content\/uploads\/2015\/02\/Pitk\u00e4-matka-150x150.jpg\" alt=\"Pitk\u00e4 matka\" width=\"150\" height=\"150\" srcset=\"http:\/\/rasti-hyry.net\/wordpress\/wp-content\/uploads\/2015\/02\/Pitk\u00e4-matka-150x150.jpg 150w, http:\/\/rasti-hyry.net\/wordpress\/wp-content\/uploads\/2015\/02\/Pitk\u00e4-matka-230x230.jpg 230w\" sizes=\"auto, (max-width: 150px) 100vw, 150px\" \/><\/a>Koko viikon s\u00e4\u00e4t olivat hyv\u00e4t, l\u00e4mp\u00f6\u00e4 13-15 astetta &#8211; v\u00e4liin saatiin my\u00f6s tihkusateita, joista ei kuitenkaan ollut kisoille haittaa. Ensi vuonna POM j\u00e4rjestet\u00e4\u00e4n viikkoa aiemmin eli helmikuun toisena viikonloppuna ja kisapaikka siirtyy l\u00e4helle Espanjan rajaa eli m\u00e4ki\u00e4, kivi\u00e4 ja piikkipensaita tulee riitt\u00e4m\u00e4\u00e4n. <a href=\"http:\/\/rasti-hyry.net\/wordpress\/wp-content\/uploads\/2015\/02\/Kisakeskus.jpg\"><img loading=\"lazy\" decoding=\"async\" class=\"alignright size-thumbnail wp-image-341\" src=\"http:\/\/rasti-hyry.net\/wordpress\/wp-content\/uploads\/2015\/02\/Kisakeskus-150x150.jpg\" alt=\"Kisakeskus\" width=\"150\" height=\"150\" \/><\/a><\/p>\n<p>Sit\u00e4 ennen seuramme suunnistajia k\u00e4y viel\u00e4 helmikuussa Espanjassa ja maaliskuussa Virossa ja Kroatiassa. Ensi kes\u00e4n\u00e4 j\u00e4rjest\u00e4mme seuran matkan jonnekin Euroopan rastiviikolle &#8211; t\u00e4ll\u00e4 hetkell\u00e4 eniten esill\u00e4 on ollut Slovakia ja Puola, joissa molemmissa j\u00e4rjestet\u00e4\u00e4n kolmen p\u00e4iv\u00e4n rastiviikko ja v\u00e4liss\u00e4 on nelj\u00e4 lomap\u00e4iv\u00e4\u00e4. Ajankohtana olisi hein\u00e4kuu (BBO Cup Slovakiassa 17.-19.7.\u00a0<a title=\"BBO Cup\" href=\"http:\/\/www.hadveo.sk\/bbocup\/en\/\">http:\/\/www.hadveo.sk\/bbocup\/en\/<\/a> ja Limanowa Cup Puolassa 24.-27.7. <a title=\"Limanowa Cup\" href=\"http:\/\/limanowacup.pl\/?change=en\">http:\/\/limanowacup.pl\/?change=en<\/a>). Lis\u00e4tietoa kes\u00e4n matkasta t\u00e4\u00e4ll\u00e4 nettisivuilla tuonnempana.<\/p>\n<p>&nbsp;<\/p>\n","protected":false},"excerpt":{"rendered":"<p>Seuramme suunnistajia osallistui t\u00e4n\u00e4kin vuonna Portugalin kev\u00e4iselle rastiviikolle, joka j\u00e4rjestettiin nyt 20. kerran ja t\u00e4ll\u00e4 kertaa Atlantin rantojen kangasmaastoissa paikkakunnalla nimelt\u00e4\u00e4n Mira. Nyt oli mahdollista osallistua kuuteen kilpailuun viiden p\u00e4iv\u00e4n aikana (12.-17.2.) ja osanottajam\u00e4\u00e4r\u00e4 ylitti ensimm\u00e4isen kerran 2000 suunnistajaa. Aikataulu&hellip; <\/p>\n","protected":false},"author":1,"featured_media":0,"comment_status":"closed","ping_status":"open","sticky":false,"template":"","format":"standard","meta":{"footnotes":""},"categories":[1],"tags":[],"class_list":["post-343","post","type-post","status-publish","format-standard","hentry","category-luokittelemattomat"],"_links":{"self":[{"href":"http:\/\/rasti-hyry.net\/wordpress\/index.php?rest_route=\/wp\/v2\/posts\/343","targetHints":{"allow":["GET"]}}],"collection":[{"href":"http:\/\/rasti-hyry.net\/wordpress\/index.php?rest_route=\/wp\/v2\/posts"}],"about":[{"href":"http:\/\/rasti-hyry.net\/wordpress\/index.php?rest_route=\/wp\/v2\/types\/post"}],"author":[{"embeddable":true,"href":"http:\/\/rasti-hyry.net\/wordpress\/index.php?rest_route=\/wp\/v2\/users\/1"}],"replies":[{"embeddable":true,"href":"http:\/\/rasti-hyry.net\/wordpress\/index.php?rest_route=%2Fwp%2Fv2%2Fcomments&post=343"}],"version-history":[{"count":4,"href":"http:\/\/rasti-hyry.net\/wordpress\/index.php?rest_route=\/wp\/v2\/posts\/343\/revisions"}],"predecessor-version":[{"id":350,"href":"http:\/\/rasti-hyry.net\/wordpress\/index.php?rest_route=\/wp\/v2\/posts\/343\/revisions\/350"}],"wp:attachment":[{"href":"http:\/\/rasti-hyry.net\/wordpress\/index.php?rest_route=%2Fwp%2Fv2%2Fmedia&parent=343"}],"wp:term":[{"taxonomy":"category","embeddable":true,"href":"http:\/\/rasti-hyry.net\/wordpress\/index.php?rest_route=%2Fwp%2Fv2%2Fcategories&post=343"},{"taxonomy":"post_tag","embeddable":true,"href":"http:\/\/rasti-hyry.net\/wordpress\/index.php?rest_route=%2Fwp%2Fv2%2Ftags&post=343"}],"curies":[{"name":"wp","href":"https:\/\/api.w.org\/{rel}","templated":true}]}}