{"id":363,"date":"2015-03-31T15:52:00","date_gmt":"2015-03-31T12:52:00","guid":{"rendered":"http:\/\/rasti-hyry.net\/wordpress\/?p=363"},"modified":"2015-03-31T15:52:00","modified_gmt":"2015-03-31T12:52:00","slug":"kesan-suunnistusmatka","status":"publish","type":"post","link":"http:\/\/rasti-hyry.net\/wordpress\/?p=363","title":{"rendered":"Kes\u00e4n suunnistusmatka"},"content":{"rendered":"<p>Seuramme suunnistajia l\u00e4htee ensi kes\u00e4n\u00e4 yhteismatkalle Slovakiaan ja Puolaan. <a href=\"http:\/\/rasti-hyry.net\/wordpress\/wp-content\/uploads\/2015\/03\/BBOcup.jpg\"><img loading=\"lazy\" decoding=\"async\" class=\"alignright wp-image-361 \" src=\"http:\/\/rasti-hyry.net\/wordpress\/wp-content\/uploads\/2015\/03\/BBOcup.jpg\" alt=\"BBOcup\" width=\"78\" height=\"125\" \/><\/a>Tarjolla on kaksi eri kolmip\u00e4iv\u00e4ist\u00e4 suunnistusviikkoa, joihin toki voi osallistua vain toiseen. Suurin osa porukasta aikoo osallistua ainakin Puolan suunnistuksiin.<\/p>\n<p>Slovakiassa kisaillaan 17.-19.7. (<a href=\"http:\/\/www.hadveo.sk\/bbocup\/en\/\">http:\/\/www.hadveo.sk\/bbocup\/en\/<\/a>) ja Puolassa 24.-26.7.(<a href=\"http:\/\/limanowacup.pl\/?change=en\">http:\/\/limanowacup.pl\/?change=en<\/a>), joten v\u00e4liss\u00e4 on aikaa lomailla muutama p\u00e4iv\u00e4 Keski-Euroopan maisemissa. Seura osallistuu matkan kustannuksiin maksamalla kilpailujen osanottomaksut j\u00e4senilleen. <a href=\"http:\/\/rasti-hyry.net\/wordpress\/wp-content\/uploads\/2015\/03\/Limanova.jpg\"><img loading=\"lazy\" decoding=\"async\" class=\" wp-image-362  alignleft\" src=\"http:\/\/rasti-hyry.net\/wordpress\/wp-content\/uploads\/2015\/03\/Limanova.jpg\" alt=\"Limanova\" width=\"198\" height=\"61\" srcset=\"http:\/\/rasti-hyry.net\/wordpress\/wp-content\/uploads\/2015\/03\/Limanova.jpg 697w, http:\/\/rasti-hyry.net\/wordpress\/wp-content\/uploads\/2015\/03\/Limanova-300x93.jpg 300w\" sizes=\"auto, (max-width: 198px) 100vw, 198px\" \/><\/a>Finnairilta l\u00f6ytyy suora lento Krakovaan (esim. meno 16.7. ja paluu 27.7.) ja hinta on noin 200 euroa. Krakovasta vuokrataan sitten henkil\u00f6autot ja majoitukset pyrit\u00e4\u00e4n varaamaan siten, ett\u00e4 ollaan samoissa tai l\u00e4hekk\u00e4isiss\u00e4 majoitusliikkeiss\u00e4.<\/p>\n<p>Lis\u00e4tietoja voit kysell\u00e4 s\u00e4hk\u00f6postilla osoitteesta timo.partanen(at)vuokatti.net.<\/p>\n<p>&nbsp;<\/p>\n","protected":false},"excerpt":{"rendered":"<p>Seuramme suunnistajia l\u00e4htee ensi kes\u00e4n\u00e4 yhteismatkalle Slovakiaan ja Puolaan. Tarjolla on kaksi eri kolmip\u00e4iv\u00e4ist\u00e4 suunnistusviikkoa, joihin toki voi osallistua vain toiseen. Suurin osa porukasta aikoo osallistua ainakin Puolan suunnistuksiin. Slovakiassa kisaillaan 17.-19.7. (http:\/\/www.hadveo.sk\/bbocup\/en\/) ja Puolassa 24.-26.7.(http:\/\/limanowacup.pl\/?change=en), joten v\u00e4liss\u00e4 on aikaa&hellip; <\/p>\n","protected":false},"author":1,"featured_media":0,"comment_status":"closed","ping_status":"open","sticky":false,"template":"","format":"standard","meta":{"footnotes":""},"categories":[1],"tags":[],"class_list":["post-363","post","type-post","status-publish","format-standard","hentry","category-luokittelemattomat"],"_links":{"self":[{"href":"http:\/\/rasti-hyry.net\/wordpress\/index.php?rest_route=\/wp\/v2\/posts\/363","targetHints":{"allow":["GET"]}}],"collection":[{"href":"http:\/\/rasti-hyry.net\/wordpress\/index.php?rest_route=\/wp\/v2\/posts"}],"about":[{"href":"http:\/\/rasti-hyry.net\/wordpress\/index.php?rest_route=\/wp\/v2\/types\/post"}],"author":[{"embeddable":true,"href":"http:\/\/rasti-hyry.net\/wordpress\/index.php?rest_route=\/wp\/v2\/users\/1"}],"replies":[{"embeddable":true,"href":"http:\/\/rasti-hyry.net\/wordpress\/index.php?rest_route=%2Fwp%2Fv2%2Fcomments&post=363"}],"version-history":[{"count":2,"href":"http:\/\/rasti-hyry.net\/wordpress\/index.php?rest_route=\/wp\/v2\/posts\/363\/revisions"}],"predecessor-version":[{"id":365,"href":"http:\/\/rasti-hyry.net\/wordpress\/index.php?rest_route=\/wp\/v2\/posts\/363\/revisions\/365"}],"wp:attachment":[{"href":"http:\/\/rasti-hyry.net\/wordpress\/index.php?rest_route=%2Fwp%2Fv2%2Fmedia&parent=363"}],"wp:term":[{"taxonomy":"category","embeddable":true,"href":"http:\/\/rasti-hyry.net\/wordpress\/index.php?rest_route=%2Fwp%2Fv2%2Fcategories&post=363"},{"taxonomy":"post_tag","embeddable":true,"href":"http:\/\/rasti-hyry.net\/wordpress\/index.php?rest_route=%2Fwp%2Fv2%2Ftags&post=363"}],"curies":[{"name":"wp","href":"https:\/\/api.w.org\/{rel}","templated":true}]}}